[{"@context":"https:\/\/schema.org\/","@type":"Article","@id":"https:\/\/www.pgac.cz\/velke-cestovani\/#Article","mainEntityOfPage":"https:\/\/www.pgac.cz\/velke-cestovani\/","headline":"Velk\u00e9 cestov\u00e1n\u00ed","name":"Velk\u00e9 cestov\u00e1n\u00ed","description":"Tou\u017eili jste v\u017edycky po tom, \u017ee budete cestovat a nebo ne? To j\u00e1 jsem takov\u00e1, \u017ee j\u00e1 jsem v\u017edycky tou\u017eila po n\u011bjak\u00fdch velk\u00fdch dovolen\u00fdch a hlavn\u011b cestov\u00e1n\u00ed. Nepot\u0159ebovala jsem, abych n\u011bkde z\u016fstala t\u0159eba dva nebo t\u0159i t\u00fddny. M\u011b v\u017edycky sta\u010dilo z\u016fstat na n\u011bjak\u00e9m m\u00edst\u011b t\u0159eba jednu nebo dv\u011b noci. Bavilo m\u011b toti\u017e hlavn\u011b pozn\u00e1vat nov\u00e1 &hellip; <p class=\"link-more\"><a href=\"https:\/\/www.pgac.cz\/velke-cestovani\/\" class=\"more-link\">Continue reading<span class=\"screen-reader-text\"> \"Velk\u00e9 cestov\u00e1n\u00ed\"<\/span><\/a><\/p>","datePublished":"2022-03-28","dateModified":"2023-05-07","author":{"@type":"Person","@id":"https:\/\/www.pgac.cz\/author\/#Person","name":"","url":"https:\/\/www.pgac.cz\/author\/","identifier":1,"image":{"@type":"ImageObject","@id":"https:\/\/secure.gravatar.com\/avatar\/70bfba35016f640cc40a20bdb6eeeb519f15df7de2446955eee0a1f10ed86e77?s=96&d=mm&r=g","url":"https:\/\/secure.gravatar.com\/avatar\/70bfba35016f640cc40a20bdb6eeeb519f15df7de2446955eee0a1f10ed86e77?s=96&d=mm&r=g","height":96,"width":96}},"publisher":{"@type":"Organization","name":"pgac.cz","logo":{"@type":"ImageObject","@id":"\/logo.png","url":"\/logo.png","width":600,"height":60}},"image":{"@type":"ImageObject","@id":"https:\/\/www.pgac.cz\/wp-content\/uploads\/digital-art-gc6e21dd1e_640_1.png","url":"https:\/\/www.pgac.cz\/wp-content\/uploads\/digital-art-gc6e21dd1e_640_1.png","height":0,"width":0},"url":"https:\/\/www.pgac.cz\/velke-cestovani\/","about":["Cestov\u00e1n\u00ed"],"wordCount":459,"articleBody":"Tou\u017eili jste v\u017edycky po tom, \u017ee budete cestovat a nebo ne? To j\u00e1 jsem takov\u00e1, \u017ee j\u00e1 jsem v\u017edycky tou\u017eila po n\u011bjak\u00fdch velk\u00fdch dovolen\u00fdch a hlavn\u011b cestov\u00e1n\u00ed. Nepot\u0159ebovala jsem, abych n\u011bkde z\u016fstala t\u0159eba dva nebo t\u0159i t\u00fddny. M\u011b v\u017edycky sta\u010dilo z\u016fstat na n\u011bjak\u00e9m m\u00edst\u011b t\u0159eba jednu nebo dv\u011b noci. Bavilo m\u011b toti\u017e hlavn\u011b pozn\u00e1vat nov\u00e1 m\u00edsta a bavilo m\u011b cestovat. Proto jsem si \u0159ekla, \u017ee a\u017e si vyd\u011bl\u00e1m v pr\u00e1ci n\u011bjak\u00fd v\u011bt\u0161\u00ed finan\u010dn\u00ed obnos pen\u011bz, tak si vezmu p\u016fl roku dovolenou a budu chv\u00edli cestovat. J\u00e1 v\u00edm, \u017ee p\u016fl roku na cestov\u00e1n\u00ed nen\u00ed tak moc dlouho. Jenom\u017ee j\u00e1 si to zase nemohu dovolit. M\u00e1m s p\u0159\u00edtelem byt na hypot\u00e9ku, tak\u017ee si nem\u016f\u017eeme t\u0159eba dva roky cestovat po sv\u011bt\u011b. Ale j\u00e1 si mysl\u00edm, \u017ee i p\u016fl roku cestov\u00e1n\u00ed je opravdu p\u011bkn\u00e9. A jinak jsem si \u0159ekla, \u017ee se s p\u0159\u00edtelem zkus\u00edme na\u0161et\u0159it na tohle b\u011bhem dvou let a jak jsme si p\u0159\u00e1li, tak se taky stalo. B\u011bhem dvou let jsme m\u011bli s p\u0159\u00edtelem u\u017e na\u0161et\u0159en\u00e9 pen\u00edze, \u017ee se \u017ee na p\u016fl roku kr\u00e1sn\u011b u\u017eiv\u00edme na na\u0161em cestov\u00e1n\u00ed po sv\u011bt\u011b.\u00a0 A za\u010dali jsme cestovat p\u0159es Rakousko.\u00a0Jeli jsme taky do It\u00e1lie pobyli jsme ve \u0160pan\u011blsko a mnoho dal\u0161\u00edch zem\u00ed. A mus\u00edm \u0159\u00edct, \u017ee jsem si ten cel\u00fd p\u016flrok velmi u\u017eila. Taky je p\u011bkn\u00e9 na tomto cestov\u00e1n\u00ed, \u017ee jsem si b\u011bhem cestov\u00e1n\u00ed na\u0161la asi pades\u00e1t p\u0159\u00e1tel. Je to velmi v prima, proto\u017ee kolikr\u00e1t se zat\u00edm za p\u0159\u00e1teli vrac\u00edme. N\u011bkdy oni p\u0159ijedou k n\u00e1m do \u010cesk\u00e9 republiky, kde je u n\u00e1s doma zdarma ubytujeme. A takhle se to to\u010d\u00ed dokole\u010dka. Tak\u017ee dokonce m\u00e1me jednu rodinu sp\u0159\u00e1telenou i na Kub\u011b. Mus\u00edm \u0159\u00edct, \u017ee cestov\u00e1n\u00ed se v tomhle p\u0159\u00edpad\u011b velmi osv\u011bd\u010dilo a vyplatilo. J\u00e1 jsem toti\u017e hodn\u011b spole\u010densk\u00fd \u010dlov\u011bk a r\u00e1da cestuji, tak\u017ee u m\u011b bylo nad slunce jasn\u00e9 \u017ee se budu na dovolen\u00e9 p\u0159i cestov\u00e1n\u00ed moc r\u00e1da seznamovat s jin\u00fdmi lidmi a pozn\u00e1vat jejich kulturu. To m\u011b taky velmi zaj\u00edm\u00e1. M\u00e1m r\u00e1da, kdy\u017e se mohu n\u011bco nov\u00e9ho dozv\u011bd\u011bt. Pro m\u011b je to velmi\u00a0zaj\u00edmav\u00e9\u00a0a jsem r\u00e1da, \u017ee tohle zaj\u00edm\u00e1 i p\u0159\u00edtele.                                                                                                                                                                                                                                                                                                                                                                                        4.3\/5 - (7 votes)        "},{"@context":"https:\/\/schema.org\/","@type":"BreadcrumbList","itemListElement":[{"@type":"ListItem","position":1,"name":"Velk\u00e9 cestov\u00e1n\u00ed","item":"https:\/\/www.pgac.cz\/velke-cestovani\/#breadcrumbitem"}]}]