[{"@context":"https:\/\/schema.org\/","@type":"Article","@id":"https:\/\/www.pgac.cz\/uspora-vaseho-drahocenneho-casu\/#Article","mainEntityOfPage":"https:\/\/www.pgac.cz\/uspora-vaseho-drahocenneho-casu\/","headline":"\u00daspora Va\u0161eho drahocenn\u00e9ho \u010dasu","name":"\u00daspora Va\u0161eho drahocenn\u00e9ho \u010dasu","description":"Nev\u00edte kam d\u0159\u00edv sko\u010dit, m\u00e1te nabit\u00fd di\u00e1\u0159 k prasknut\u00ed a V\u00e1\u0161 rodinn\u00fd p\u0159\u00edslu\u0161n\u00edk \u010di zn\u00e1m\u00fd slav\u00ed narozeniny? R\u00e1di V\u00e1m odleh\u010d\u00edme toto b\u0159\u00edm\u011b v podob\u011b potisku textilu. \u017de V\u00e1m to p\u0159ijde n\u00e1kladn\u00e9? Vyvedeme V\u00e1s z omylu, proto\u017ee se jedn\u00e1 o cenov\u011b dostupnou z\u00e1le\u017eitost, kter\u00e1 m\u00e1 neuv\u011b\u0159itelnou \u0161k\u00e1lu vyu\u017eit\u00ed. A\u0165 u\u017e zvol\u00edte soukrom\u00fd nebo firemn\u00ed \u00fa\u010del, nikdy &hellip; <p class=\"link-more\"><a href=\"https:\/\/www.pgac.cz\/uspora-vaseho-drahocenneho-casu\/\" class=\"more-link\">Continue reading<span class=\"screen-reader-text\"> \"\u00daspora Va\u0161eho drahocenn\u00e9ho \u010dasu\"<\/span><\/a><\/p>","datePublished":"2024-11-17","dateModified":"2024-11-17","author":{"@type":"Person","@id":"https:\/\/www.pgac.cz\/author\/#Person","name":"","url":"https:\/\/www.pgac.cz\/author\/","identifier":1,"image":{"@type":"ImageObject","@id":"https:\/\/secure.gravatar.com\/avatar\/70bfba35016f640cc40a20bdb6eeeb519f15df7de2446955eee0a1f10ed86e77?s=96&d=mm&r=g","url":"https:\/\/secure.gravatar.com\/avatar\/70bfba35016f640cc40a20bdb6eeeb519f15df7de2446955eee0a1f10ed86e77?s=96&d=mm&r=g","height":96,"width":96}},"publisher":{"@type":"Organization","name":"pgac.cz","logo":{"@type":"ImageObject","@id":"\/logo.png","url":"\/logo.png","width":600,"height":60}},"url":"https:\/\/www.pgac.cz\/uspora-vaseho-drahocenneho-casu\/","wordCount":311,"articleBody":"Nev\u00edte kam d\u0159\u00edv sko\u010dit, m\u00e1te nabit\u00fd di\u00e1\u0159 k prasknut\u00ed a V\u00e1\u0161 rodinn\u00fd p\u0159\u00edslu\u0161n\u00edk \u010di zn\u00e1m\u00fd slav\u00ed narozeniny? R\u00e1di V\u00e1m odleh\u010d\u00edme toto b\u0159\u00edm\u011b v podob\u011b potisku textilu. \u017de V\u00e1m to p\u0159ijde n\u00e1kladn\u00e9? Vyvedeme V\u00e1s z omylu, proto\u017ee se jedn\u00e1 o cenov\u011b dostupnou z\u00e1le\u017eitost, kter\u00e1 m\u00e1 neuv\u011b\u0159itelnou \u0161k\u00e1lu vyu\u017eit\u00ed. A\u0165 u\u017e zvol\u00edte soukrom\u00fd nebo firemn\u00ed \u00fa\u010del, nikdy nez\u016fstanete ochuzeni o jedine\u010dn\u00fd a origin\u00e1ln\u00ed v\u00fdrobek. Chce Va\u0161e d\u00edtko modern\u00ed tri\u010dko a chyb\u00ed V\u00e1m na n\u011bj finance? Obra\u0165te se na n\u00e1s a my Va\u0161emu pokladu vyrob\u00edme na m\u00edru takov\u00e9 tri\u010dko s potiskem, kter\u00e9 z\u016fstane v nejednom z\u00e1vistiv\u00e9m hled\u00e1\u010dku spolu\u017e\u00e1ka. Nejen, \u017ee V\u00e1m u\u0161et\u0159\u00edme \u010das, pen\u00edze, ale p\u0159edev\u0161\u00edm V\u00e1m nab\u00edz\u00edme jedine\u010dnou originalitu a mo\u017enost vlastn\u00ed tvorby.Je to tak jednoduch\u00e9Sta\u010d\u00ed zaslat fotografii, n\u00e1kres, \u010di cokoliv co m\u00e1te k dispozici a chcete, aby to bylo zv\u011b\u010dn\u011bno na vybranou textilii. Nev\u00edte si rady \u010di nem\u00e1te jasnou p\u0159edstavu o konkr\u00e9tn\u00ed podob\u011b? Op\u011bt jsme tu pro V\u00e1s a nab\u00edz\u00edme V\u00e1m na\u0161e slu\u017eby, kter\u00e9 maj\u00ed dlouholetou tradici, kvalitu a za sebou \u0159adu spokojen\u00fdch z\u00e1kazn\u00edku. Sta\u010d\u00ed si jen podrobn\u011b prohl\u00e9dnout na\u0161e webov\u00e9 str\u00e1nky a zjist\u00edte, \u017ee ke ka\u017ed\u00e9mu klientovi p\u0159istupujeme individu\u00e1ln\u011b a pln\u011b vych\u00e1z\u00edme z jeho pot\u0159eb. Proto se nev\u00e1hejte na n\u00e1s s Va\u0161\u00edm po\u017eadavkem, p\u0159\u00e1n\u00edm, obr\u00e1tit a sami se p\u0159esv\u011bd\u010d\u00edte, \u017ee jsme jedni\u010dkou na trhu a potisk textilu je pro n\u00e1s prioritn\u00ed z\u00e1le\u017eitost\u00ed.                                                                                                                                                                                                                                                                                                                                                                                                "},{"@context":"https:\/\/schema.org\/","@type":"BreadcrumbList","itemListElement":[{"@type":"ListItem","position":1,"name":"\u00daspora Va\u0161eho drahocenn\u00e9ho \u010dasu","item":"https:\/\/www.pgac.cz\/uspora-vaseho-drahocenneho-casu\/#breadcrumbitem"}]}]