[{"@context":"https:\/\/schema.org\/","@type":"Article","@id":"https:\/\/www.pgac.cz\/damske-obleceni-nezna-hranic-v-zadnem-veku\/#Article","mainEntityOfPage":"https:\/\/www.pgac.cz\/damske-obleceni-nezna-hranic-v-zadnem-veku\/","headline":"D\u00e1msk\u00e9 oble\u010den\u00ed nezn\u00e1 hranic v \u017e\u00e1dn\u00e9m v\u011bku","name":"D\u00e1msk\u00e9 oble\u010den\u00ed nezn\u00e1 hranic v \u017e\u00e1dn\u00e9m v\u011bku","description":"Ud\u011blat si p\u011bkn\u00e9 chv\u00edle s kamar\u00e1dkou a p\u0159\u00edtelkyn\u00ed u sklenky v\u00edna, je fajn n\u00e1pad, jak skv\u011ble vybrat vhodn\u00e9 v\u0161edn\u00ed i nev\u0161edn\u00ed od\u011bvy. Na internetov\u00fdch str\u00e1nk\u00e1ch Fmody si m\u016f\u017eete vybrat modely, kter\u00e9 jsou in a maj\u00ed \u0161\u0165\u00e1vu. A\u0165 u\u017e se jedn\u00e1 o bundy, saka, halenky, plavky, rifle anebo \u0161aty. \u017densk\u00fdm mo\u017enostem se dve\u0159e nezav\u00edraj\u00ed, ba naopak. &hellip; <p class=\"link-more\"><a href=\"https:\/\/www.pgac.cz\/damske-obleceni-nezna-hranic-v-zadnem-veku\/\" class=\"more-link\">Continue reading<span class=\"screen-reader-text\"> \"D\u00e1msk\u00e9 oble\u010den\u00ed nezn\u00e1 hranic v \u017e\u00e1dn\u00e9m v\u011bku\"<\/span><\/a><\/p>","datePublished":"2025-08-28","dateModified":"2025-08-28","author":{"@type":"Person","@id":"https:\/\/www.pgac.cz\/author\/#Person","name":"","url":"https:\/\/www.pgac.cz\/author\/","identifier":1,"image":{"@type":"ImageObject","@id":"https:\/\/secure.gravatar.com\/avatar\/70bfba35016f640cc40a20bdb6eeeb519f15df7de2446955eee0a1f10ed86e77?s=96&d=mm&r=g","url":"https:\/\/secure.gravatar.com\/avatar\/70bfba35016f640cc40a20bdb6eeeb519f15df7de2446955eee0a1f10ed86e77?s=96&d=mm&r=g","height":96,"width":96}},"publisher":{"@type":"Organization","name":"pgac.cz","logo":{"@type":"ImageObject","@id":"\/logo.png","url":"\/logo.png","width":600,"height":60}},"url":"https:\/\/www.pgac.cz\/damske-obleceni-nezna-hranic-v-zadnem-veku\/","wordCount":172,"articleBody":"Ud\u011blat si p\u011bkn\u00e9 chv\u00edle s kamar\u00e1dkou a p\u0159\u00edtelkyn\u00ed u sklenky v\u00edna, je fajn n\u00e1pad, jak skv\u011ble vybrat vhodn\u00e9 v\u0161edn\u00ed i nev\u0161edn\u00ed od\u011bvy. Na internetov\u00fdch str\u00e1nk\u00e1ch Fmody si m\u016f\u017eete vybrat modely, kter\u00e9 jsou in a maj\u00ed \u0161\u0165\u00e1vu. A\u0165 u\u017e se jedn\u00e1 o bundy, saka, halenky, plavky, rifle anebo \u0161aty. \u017densk\u00fdm mo\u017enostem se dve\u0159e nezav\u00edraj\u00ed, ba naopak. St\u0159ih je z\u00e1klad dobr\u00e9ho vkusu a stylu D\u00e1msk\u00e9 oble\u010den\u00ed mus\u00ed b\u00fdt v\u017edy v po\u0159\u00e1dku. Jste na \u00farovni sv\u00e9ho vkusu nebo byste se r\u00e1da poradila? V ka\u017ed\u00e9m p\u0159\u00edpad\u011b je nejd\u016fle\u017eit\u011bj\u0161\u00ed se dokonale pom\u011b\u0159it a potom vyb\u00edrat od\u011bvy. Berte ohled na sv\u016fj vzhled, v\u011bk i styl postavy. Ka\u017ed\u00e9 \u017een\u011b slu\u0161\u00ed v\u00edce n\u011bco jin\u00e9ho a jin\u00e1 barva. Co m\u00e1 jedna skv\u011bl\u00e9, m\u016f\u017ee m\u00edt druh\u00e1 jako stra\u0161idlo! Dr\u017ete se sv\u00e9ho vkusu!                                                                                                                                                                                                                                                                                                                                                                                                "},{"@context":"https:\/\/schema.org\/","@type":"BreadcrumbList","itemListElement":[{"@type":"ListItem","position":1,"name":"D\u00e1msk\u00e9 oble\u010den\u00ed nezn\u00e1 hranic v \u017e\u00e1dn\u00e9m v\u011bku","item":"https:\/\/www.pgac.cz\/damske-obleceni-nezna-hranic-v-zadnem-veku\/#breadcrumbitem"}]}]